{"id":3213,"date":"2022-06-28T16:48:24","date_gmt":"2022-06-28T16:48:24","guid":{"rendered":"https:\/\/observatorios.uo.edu.cu\/ceciencias\/?p=3213"},"modified":"2022-06-29T02:58:52","modified_gmt":"2022-06-29T02:58:52","slug":"primer-encuentro-virtual-entre-ipvces","status":"publish","type":"post","link":"https:\/\/observatorios.uo.edu.cu\/ceciencias\/2022\/06\/28\/primer-encuentro-virtual-entre-ipvces\/","title":{"rendered":"Convocatoria Encuentro IPVCE 2022"},"content":{"rendered":"<p><img decoding=\"async\" class=\"alignnone size-medium wp-image-3215\" src=\"http:\/\/observatorios.uo.edu.cu\/ceciencias\/wp-content\/uploads\/sites\/2\/2022\/06\/logoUO-300x89.png\" alt=\"\" width=\"300\" height=\"89\" srcset=\"https:\/\/observatorios.uo.edu.cu\/ceciencias\/wp-content\/uploads\/sites\/2\/2022\/06\/logoUO-300x89.png 300w, https:\/\/observatorios.uo.edu.cu\/ceciencias\/wp-content\/uploads\/sites\/2\/2022\/06\/logoUO.png 447w\" sizes=\"(max-width: 300px) 100vw, 300px\" \/>\u00a0 \u00a0 \u00a0 \u00a0 \u00a0 \u00a0 \u00a0 \u00a0 \u00a0 \u00a0 \u00a0 \u00a0 \u00a0 \u00a0 \u00a0 \u00a0 \u00a0 \u00a0 \u00a0 \u00a0 \u00a0 \u00a0 <img decoding=\"async\" class=\"alignnone  wp-image-3219\" src=\"http:\/\/observatorios.uo.edu.cu\/ceciencias\/wp-content\/uploads\/sites\/2\/2022\/06\/logoIPVCE-1.jpg\" alt=\"\" width=\"95\" height=\"98\" \/><\/p>\n<p>El Instituto Preuniversitario Vocacional de Ciencias Exactas Antonio Maceo Grajales y el Proyecto Gesti\u00f3n cient\u00edfica y de ense\u00f1anza aprendizaje en el IPVCE del Programa sectorial Sistema Educativo Cubano. Perspectivas de Desarrollo convocan al primer encuentro virtual entre IPVCE los d\u00edas 12 y 13 de julio de 2022. La cita reunir\u00e1 profesionales de los institutos preuniversitarios vocacionales de ciencias.<\/p>\n<p>El certamen tiene el prop\u00f3sito de crear un espacio para promover el intercambio entre profesionales e investigadores de diferentes \u00e1reas del conocimiento y la socializaci\u00f3n de novedosos resultados de ciencia, tecnolog\u00eda e innovaci\u00f3n y experiencias cient\u00edfico \u2013 profesionales entre profesores y directivos de dichas instituciones en la zona oriental de Cuba.<\/p>\n<p>Se debatir\u00e1n las tem\u00e1ticas siguientes:<\/p>\n<p>Mesa 1. El aprendizaje de la matem\u00e1tica en estudiantes del IPVCE. Coordinador MSC. Jos\u00e9 A. Texidor Salazar.\u00a0 Jefe del \u00c1rea de Ciencias Exactas.<\/p>\n<p>Mesa 2. Gesti\u00f3n did\u00e1ctica en el aprendizaje de alumnos talentosos. Coordinador Julio C\u00e9sar Moreno Ram\u00edrez Jefe del Centro provincial de entrenamiento.<\/p>\n<p>Mesa 3. Gesti\u00f3n del aprendizaje de las ciencias naturales y exactas a trav\u00e9s de redes acad\u00e9micas. Coordinador M. Sc. Leydi Rivera Rubio. Jefe del \u00c1rea Ciencias Exactas.<\/p>\n<p>Mesa 4. La orientaci\u00f3n did\u00e1ctica del Espa\u00f1ol &#8211; Literatura en los IPVCE. Coordinador M.Sc. Norkis P\u00e9rez Pablos. Responsable de la asignatura Espa\u00f1ol -Literatura en el IPVCE Antonio Maceo.<\/p>\n<p>Mesa 5. La influencia de los hombres de ciencias en la historia patria. Coordinadora Sania Domeg P\u00e9rez.<\/p>\n<p>En el marco del evento se celebrar\u00e1 un intercambio entre subdirectores docentes y jefes de \u00e1reas de los IPVCE.<\/p>\n<p>Los interesados en participar deber\u00e1n enviar a la direcci\u00f3n<a href=\"mailto:d.riverar@ipvceam.sc.rimed.cu\" target=\"_blank\" rel=\"noopener\"> d.riverar@ipvceam.sc.rimed.cu<\/a> \u00a0un resumen que no exceder\u00e1 las 250 palabras contentivo del t\u00edtulo, problema a resolver, m\u00e9todos, resultados y conclusiones.<\/p>\n<p>Las modalidades de participaci\u00f3n ser\u00e1n presentaciones en Powell Point y videos de 3- 5 minutos. Se recibir\u00e1n hasta el 1 de julio de 2022.<\/p>\n<p>Los res\u00famenes y presentaciones ser\u00e1n colocados en \u00e9l y presenta repositorio del Observatorio cient\u00edfico del IPVCE santiaguero.<\/p>\n<p>En caso de dudas pueden remitirse a la direcci\u00f3n de correo indicada m\u00e1s arriba.<\/p>\n<p>Nuestra instituci\u00f3n agradece su elecci\u00f3n. Ser\u00e1 un placer contar con su presencia en nuestro encuentro acad\u00e9mico.<\/p>\n<p>Dr.C. Carlos M. Hern\u00e1ndez Hechavarr\u00eda\u00a0\u00a0\u00a0\u00a0\u00a0\u00a0\u00a0\u00a0\u00a0\u00a0\u00a0\u00a0\u00a0\u00a0\u00a0\u00a0\u00a0 MSc. Edelva Mar\u00edn Medina<\/p>\n<p>Jefe de Proyecto\u00a0\u00a0\u00a0\u00a0\u00a0\u00a0\u00a0\u00a0\u00a0\u00a0\u00a0\u00a0\u00a0\u00a0\u00a0\u00a0\u00a0\u00a0\u00a0\u00a0\u00a0\u00a0\u00a0\u00a0\u00a0\u00a0 \u00a0\u00a0\u00a0\u00a0\u00a0\u00a0\u00a0\u00a0\u00a0\u00a0\u00a0\u00a0\u00a0\u00a0\u00a0\u00a0\u00a0\u00a0\u00a0\u00a0\u00a0\u00a0\u00a0\u00a0\u00a0\u00a0\u00a0\u00a0\u00a0Directora IPVCE<\/p>\n<p>M\u00e1s en el enlace: <a href=\"http:\/\/observatorios.uo.edu.cu\/ceciencias\/wp-content\/uploads\/sites\/2\/2022\/06\/Convocatoria-Encuentro-IPVCE-2022-Primer-aviso.pdf\" target=\"_blank\" rel=\"noopener\">Convocatoria Encuentro IPVCE 2022<\/a><\/p>\n<p><!--more--><\/p>\n","protected":false},"excerpt":{"rendered":"<p>\u00a0 \u00a0 \u00a0 \u00a0 \u00a0 \u00a0 \u00a0 \u00a0 \u00a0 \u00a0 \u00a0 \u00a0 \u00a0 \u00a0 \u00a0 \u00a0 \u00a0 \u00a0 \u00a0 \u00a0 \u00a0 \u00a0 El Instituto Preuniversitario Vocacional de Ciencias Exactas Antonio Maceo Grajales y el Proyecto Gesti\u00f3n cient\u00edfica y de ense\u00f1anza aprendizaje en el IPVCE del Programa sectorial Sistema Educativo Cubano. Perspectivas de Desarrollo convocan al &#8230; <a title=\"Convocatoria Encuentro IPVCE 2022\" class=\"read-more\" href=\"https:\/\/observatorios.uo.edu.cu\/ceciencias\/2022\/06\/28\/primer-encuentro-virtual-entre-ipvces\/\" aria-label=\"Leer m\u00e1s sobre Convocatoria Encuentro IPVCE 2022\">Leer m\u00e1s<\/a><\/p>\n","protected":false},"author":32,"featured_media":0,"comment_status":"open","ping_status":"open","sticky":false,"template":"","format":"standard","meta":{"_bbp_topic_count":0,"_bbp_reply_count":0,"_bbp_total_topic_count":0,"_bbp_total_reply_count":0,"_bbp_voice_count":0,"_bbp_anonymous_reply_count":0,"_bbp_topic_count_hidden":0,"_bbp_reply_count_hidden":0,"_bbp_forum_subforum_count":0,"footnotes":""},"categories":[1],"tags":[],"class_list":["post-3213","post","type-post","status-publish","format-standard","hentry","category-sin-categoria"],"rttpg_featured_image_url":null,"rttpg_author":{"display_name":"Jos\u00e9 Manuel Izquierdo Lao","author_link":"https:\/\/observatorios.uo.edu.cu\/ceciencias\/author\/jmil\/"},"rttpg_comment":7,"rttpg_category":"<a href=\"https:\/\/observatorios.uo.edu.cu\/ceciencias\/category\/sin-categoria\/\" rel=\"category tag\">CECiencias<\/a>","rttpg_excerpt":"\u00a0 \u00a0 \u00a0 \u00a0 \u00a0 \u00a0 \u00a0 \u00a0 \u00a0 \u00a0 \u00a0 \u00a0 \u00a0 \u00a0 \u00a0 \u00a0 \u00a0 \u00a0 \u00a0 \u00a0 \u00a0 \u00a0 El Instituto Preuniversitario Vocacional de Ciencias Exactas Antonio Maceo Grajales y el Proyecto Gesti\u00f3n cient\u00edfica y de ense\u00f1anza aprendizaje en el IPVCE del Programa sectorial Sistema Educativo Cubano. Perspectivas de Desarrollo convocan al&hellip;","_links":{"self":[{"href":"https:\/\/observatorios.uo.edu.cu\/ceciencias\/wp-json\/wp\/v2\/posts\/3213","targetHints":{"allow":["GET"]}}],"collection":[{"href":"https:\/\/observatorios.uo.edu.cu\/ceciencias\/wp-json\/wp\/v2\/posts"}],"about":[{"href":"https:\/\/observatorios.uo.edu.cu\/ceciencias\/wp-json\/wp\/v2\/types\/post"}],"author":[{"embeddable":true,"href":"https:\/\/observatorios.uo.edu.cu\/ceciencias\/wp-json\/wp\/v2\/users\/32"}],"replies":[{"embeddable":true,"href":"https:\/\/observatorios.uo.edu.cu\/ceciencias\/wp-json\/wp\/v2\/comments?post=3213"}],"version-history":[{"count":3,"href":"https:\/\/observatorios.uo.edu.cu\/ceciencias\/wp-json\/wp\/v2\/posts\/3213\/revisions"}],"predecessor-version":[{"id":3231,"href":"https:\/\/observatorios.uo.edu.cu\/ceciencias\/wp-json\/wp\/v2\/posts\/3213\/revisions\/3231"}],"wp:attachment":[{"href":"https:\/\/observatorios.uo.edu.cu\/ceciencias\/wp-json\/wp\/v2\/media?parent=3213"}],"wp:term":[{"taxonomy":"category","embeddable":true,"href":"https:\/\/observatorios.uo.edu.cu\/ceciencias\/wp-json\/wp\/v2\/categories?post=3213"},{"taxonomy":"post_tag","embeddable":true,"href":"https:\/\/observatorios.uo.edu.cu\/ceciencias\/wp-json\/wp\/v2\/tags?post=3213"}],"curies":[{"name":"wp","href":"https:\/\/api.w.org\/{rel}","templated":true}]}}