{"id":3759,"date":"2023-05-09T00:43:48","date_gmt":"2023-05-09T00:43:48","guid":{"rendered":"https:\/\/observatorios.uo.edu.cu\/ceciencias\/?p=3759"},"modified":"2023-05-19T18:07:08","modified_gmt":"2023-05-19T18:07:08","slug":"diplomado-fundamentos-cientificos-de-la-educacion","status":"publish","type":"post","link":"https:\/\/observatorios.uo.edu.cu\/ceciencias\/2023\/05\/09\/diplomado-fundamentos-cientificos-de-la-educacion\/","title":{"rendered":"Diplomado \u00abFundamentos Cient\u00edficos de la Educaci\u00f3n\u00bb"},"content":{"rendered":"<p>Los estudios del diplomado sobre fundamentos cient\u00edficos de la educaci\u00f3n se sustentan en la necesidad de reconocer las potencialidades de los docentes para enfrentar los retos<br \/>\nculturales de la contemporaneidad, con vistas a lograr un mayor nivel de profesionalizaci\u00f3n de su labor como gestores docentes de avanzada. Esto supone replantear las estrategias de trabajo con vistas a propiciar pr\u00e1cticas pedag\u00f3gicas y did\u00e1cticas con calidad, lo que conlleva al surgimiento de nuevos requerimientos y exigencias desde el ejercicio de la profesi\u00f3n.<\/p>\n<h2><a href=\"https:\/\/cursos.uo.edu.cu\/course\/index.php?categoryid=177\" target=\"_blank\" rel=\"noopener\"><em>Enlace a los cursos<\/em><\/a><\/h2>\n","protected":false},"excerpt":{"rendered":"<p>Los estudios del diplomado sobre fundamentos cient\u00edficos de la educaci\u00f3n se sustentan en la necesidad de reconocer las potencialidades de los docentes para enfrentar los retos culturales de la contemporaneidad, con vistas a lograr un mayor nivel de profesionalizaci\u00f3n de su labor como gestores docentes de avanzada. Esto supone replantear las estrategias de trabajo con &#8230; <a title=\"Diplomado \u00abFundamentos Cient\u00edficos de la Educaci\u00f3n\u00bb\" class=\"read-more\" href=\"https:\/\/observatorios.uo.edu.cu\/ceciencias\/2023\/05\/09\/diplomado-fundamentos-cientificos-de-la-educacion\/\" aria-label=\"Leer m\u00e1s sobre Diplomado \u00abFundamentos Cient\u00edficos de la Educaci\u00f3n\u00bb\">Leer m\u00e1s<\/a><\/p>\n","protected":false},"author":32,"featured_media":0,"comment_status":"open","ping_status":"open","sticky":false,"template":"","format":"standard","meta":{"_bbp_topic_count":0,"_bbp_reply_count":0,"_bbp_total_topic_count":0,"_bbp_total_reply_count":0,"_bbp_voice_count":0,"_bbp_anonymous_reply_count":0,"_bbp_topic_count_hidden":0,"_bbp_reply_count_hidden":0,"_bbp_forum_subforum_count":0,"footnotes":""},"categories":[1],"tags":[],"class_list":["post-3759","post","type-post","status-publish","format-standard","hentry","category-sin-categoria"],"rttpg_featured_image_url":null,"rttpg_author":{"display_name":"Jos\u00e9 Manuel Izquierdo Lao","author_link":"https:\/\/observatorios.uo.edu.cu\/ceciencias\/author\/jmil\/"},"rttpg_comment":8,"rttpg_category":"<a href=\"https:\/\/observatorios.uo.edu.cu\/ceciencias\/category\/sin-categoria\/\" rel=\"category tag\">CECiencias<\/a>","rttpg_excerpt":"Los estudios del diplomado sobre fundamentos cient\u00edficos de la educaci\u00f3n se sustentan en la necesidad de reconocer las potencialidades de los docentes para enfrentar los retos culturales de la contemporaneidad, con vistas a lograr un mayor nivel de profesionalizaci\u00f3n de su labor como gestores docentes de avanzada. Esto supone replantear las estrategias de trabajo con&hellip;","_links":{"self":[{"href":"https:\/\/observatorios.uo.edu.cu\/ceciencias\/wp-json\/wp\/v2\/posts\/3759","targetHints":{"allow":["GET"]}}],"collection":[{"href":"https:\/\/observatorios.uo.edu.cu\/ceciencias\/wp-json\/wp\/v2\/posts"}],"about":[{"href":"https:\/\/observatorios.uo.edu.cu\/ceciencias\/wp-json\/wp\/v2\/types\/post"}],"author":[{"embeddable":true,"href":"https:\/\/observatorios.uo.edu.cu\/ceciencias\/wp-json\/wp\/v2\/users\/32"}],"replies":[{"embeddable":true,"href":"https:\/\/observatorios.uo.edu.cu\/ceciencias\/wp-json\/wp\/v2\/comments?post=3759"}],"version-history":[{"count":3,"href":"https:\/\/observatorios.uo.edu.cu\/ceciencias\/wp-json\/wp\/v2\/posts\/3759\/revisions"}],"predecessor-version":[{"id":3783,"href":"https:\/\/observatorios.uo.edu.cu\/ceciencias\/wp-json\/wp\/v2\/posts\/3759\/revisions\/3783"}],"wp:attachment":[{"href":"https:\/\/observatorios.uo.edu.cu\/ceciencias\/wp-json\/wp\/v2\/media?parent=3759"}],"wp:term":[{"taxonomy":"category","embeddable":true,"href":"https:\/\/observatorios.uo.edu.cu\/ceciencias\/wp-json\/wp\/v2\/categories?post=3759"},{"taxonomy":"post_tag","embeddable":true,"href":"https:\/\/observatorios.uo.edu.cu\/ceciencias\/wp-json\/wp\/v2\/tags?post=3759"}],"curies":[{"name":"wp","href":"https:\/\/api.w.org\/{rel}","templated":true}]}}