{"id":3837,"date":"2023-09-11T15:23:38","date_gmt":"2023-09-11T15:23:38","guid":{"rendered":"https:\/\/observatorios.uo.edu.cu\/ceciencias\/?p=3837"},"modified":"2023-09-11T15:42:51","modified_gmt":"2023-09-11T15:42:51","slug":"noche-iberoamericana-de-ls-investigadors-2023","status":"publish","type":"post","link":"https:\/\/observatorios.uo.edu.cu\/ceciencias\/2023\/09\/11\/noche-iberoamericana-de-ls-investigadors-2023\/","title":{"rendered":"NOCHE IBEROAMERICANA DE L@S INVESTIGADOR@S 2023"},"content":{"rendered":"<p><a href=\"https:\/\/oei.int\/oficinas\/secretaria-general\/noche-iberoamericana-de-los-investigadores\/premiohilandociencia\" target=\"_blank\" rel=\"noopener\"><img fetchpriority=\"high\" decoding=\"async\" class=\"alignnone size-full wp-image-3845\" src=\"http:\/\/observatorios.uo.edu.cu\/ceciencias\/wp-content\/uploads\/sites\/2\/2023\/09\/HilandoCiencia01.jpg\" alt=\"#HilandoCiencia\" width=\"1093\" height=\"303\" srcset=\"https:\/\/observatorios.uo.edu.cu\/ceciencias\/wp-content\/uploads\/sites\/2\/2023\/09\/HilandoCiencia01.jpg 1093w, https:\/\/observatorios.uo.edu.cu\/ceciencias\/wp-content\/uploads\/sites\/2\/2023\/09\/HilandoCiencia01-300x83.jpg 300w, https:\/\/observatorios.uo.edu.cu\/ceciencias\/wp-content\/uploads\/sites\/2\/2023\/09\/HilandoCiencia01-1024x284.jpg 1024w, https:\/\/observatorios.uo.edu.cu\/ceciencias\/wp-content\/uploads\/sites\/2\/2023\/09\/HilandoCiencia01-768x213.jpg 768w\" sizes=\"(max-width: 1093px) 100vw, 1093px\" \/><\/a><br \/>\nEDUCACI\u00d3N Y FORMACI\u00d3N PROFESIONAL Y CIENCIA<br \/>\nPROGRAMAS Y OBSERVATORIOS<br \/>\nNOCHE IBEROAMERICANA DE L@S INVESTIGADOR@S 2023<br \/>\n#HILANDOCIENCIA<br \/>\nEl premio #HilandoCiencia es una convocatoria que ha lanzado la OEI para fomentar la capacidad de comunicaci\u00f3n de los cient\u00edficos y el inter\u00e9s de la sociedad por la ciencia. Junto con el evento de la Noche Iberoamericana, este concurso quiere fortalecer el lazo entre la sociedad iberoamericana y el conocimiento que se genera en la regi\u00f3n.<br \/>\n<a href=\"https:\/\/twitter.com\/IzquierdoLaoJM\/status\/1700977324672602454?t=pM1tkL7E1XhRhra5DU_KsQ&amp;s=08\" target=\"_blank\" rel=\"noopener\"><img decoding=\"async\" class=\"alignnone size-full wp-image-3839\" src=\"http:\/\/observatorios.uo.edu.cu\/ceciencias\/wp-content\/uploads\/sites\/2\/2023\/09\/HilandoCiencia.png\" alt=\"#HilandoCiencia\" width=\"606\" height=\"794\" srcset=\"https:\/\/observatorios.uo.edu.cu\/ceciencias\/wp-content\/uploads\/sites\/2\/2023\/09\/HilandoCiencia.png 606w, https:\/\/observatorios.uo.edu.cu\/ceciencias\/wp-content\/uploads\/sites\/2\/2023\/09\/HilandoCiencia-229x300.png 229w\" sizes=\"(max-width: 606px) 100vw, 606px\" \/><\/a><\/p>\n<p>Participe:<br \/>\nEnlaces:<br \/>\n<a href=\"https:\/\/twitter.com\/IzquierdoLaoJM\/status\/1700977324672602454?t=pM1tkL7E1XhRhra5DU_KsQ&amp;s=08\" target=\"_blank\" rel=\"noopener\">https:\/\/twitter.com\/IzquierdoLaoJM\/status\/1700977324672602454?t=pM1tkL7E1XhRhra5DU_KsQ&amp;s=08<\/a><br \/>\nhttps:\/\/oei.int\/oficinas\/secretaria-general\/noche-iberoamericana-de-los-investigadores\/premiohilandociencia<br \/>\nhttps:\/\/www.clacso.org\/wp-content\/uploads\/2023\/07\/Bases-premio-HilandoCiencia-17.07.23.pdf<\/p>\n","protected":false},"excerpt":{"rendered":"<p>EDUCACI\u00d3N Y FORMACI\u00d3N PROFESIONAL Y CIENCIA PROGRAMAS Y OBSERVATORIOS NOCHE IBEROAMERICANA DE L@S INVESTIGADOR@S 2023 #HILANDOCIENCIA El premio #HilandoCiencia es una convocatoria que ha lanzado la OEI para fomentar la capacidad de comunicaci\u00f3n de los cient\u00edficos y el inter\u00e9s de la sociedad por la ciencia. Junto con el evento de la Noche Iberoamericana, este concurso &#8230; <a title=\"NOCHE IBEROAMERICANA DE L@S INVESTIGADOR@S 2023\" class=\"read-more\" href=\"https:\/\/observatorios.uo.edu.cu\/ceciencias\/2023\/09\/11\/noche-iberoamericana-de-ls-investigadors-2023\/\" aria-label=\"Leer m\u00e1s sobre NOCHE IBEROAMERICANA DE L@S INVESTIGADOR@S 2023\">Leer m\u00e1s<\/a><\/p>\n","protected":false},"author":32,"featured_media":0,"comment_status":"open","ping_status":"open","sticky":false,"template":"","format":"standard","meta":{"_bbp_topic_count":0,"_bbp_reply_count":0,"_bbp_total_topic_count":0,"_bbp_total_reply_count":0,"_bbp_voice_count":0,"_bbp_anonymous_reply_count":0,"_bbp_topic_count_hidden":0,"_bbp_reply_count_hidden":0,"_bbp_forum_subforum_count":0,"footnotes":""},"categories":[1],"tags":[],"class_list":["post-3837","post","type-post","status-publish","format-standard","hentry","category-sin-categoria"],"rttpg_featured_image_url":null,"rttpg_author":{"display_name":"Jos\u00e9 Manuel Izquierdo Lao","author_link":"https:\/\/observatorios.uo.edu.cu\/ceciencias\/author\/jmil\/"},"rttpg_comment":1,"rttpg_category":"<a href=\"https:\/\/observatorios.uo.edu.cu\/ceciencias\/category\/sin-categoria\/\" rel=\"category tag\">CECiencias<\/a>","rttpg_excerpt":"EDUCACI\u00d3N Y FORMACI\u00d3N PROFESIONAL Y CIENCIA PROGRAMAS Y OBSERVATORIOS NOCHE IBEROAMERICANA DE L@S INVESTIGADOR@S 2023 #HILANDOCIENCIA El premio #HilandoCiencia es una convocatoria que ha lanzado la OEI para fomentar la capacidad de comunicaci\u00f3n de los cient\u00edficos y el inter\u00e9s de la sociedad por la ciencia. Junto con el evento de la Noche Iberoamericana, este concurso&hellip;","_links":{"self":[{"href":"https:\/\/observatorios.uo.edu.cu\/ceciencias\/wp-json\/wp\/v2\/posts\/3837","targetHints":{"allow":["GET"]}}],"collection":[{"href":"https:\/\/observatorios.uo.edu.cu\/ceciencias\/wp-json\/wp\/v2\/posts"}],"about":[{"href":"https:\/\/observatorios.uo.edu.cu\/ceciencias\/wp-json\/wp\/v2\/types\/post"}],"author":[{"embeddable":true,"href":"https:\/\/observatorios.uo.edu.cu\/ceciencias\/wp-json\/wp\/v2\/users\/32"}],"replies":[{"embeddable":true,"href":"https:\/\/observatorios.uo.edu.cu\/ceciencias\/wp-json\/wp\/v2\/comments?post=3837"}],"version-history":[{"count":3,"href":"https:\/\/observatorios.uo.edu.cu\/ceciencias\/wp-json\/wp\/v2\/posts\/3837\/revisions"}],"predecessor-version":[{"id":3849,"href":"https:\/\/observatorios.uo.edu.cu\/ceciencias\/wp-json\/wp\/v2\/posts\/3837\/revisions\/3849"}],"wp:attachment":[{"href":"https:\/\/observatorios.uo.edu.cu\/ceciencias\/wp-json\/wp\/v2\/media?parent=3837"}],"wp:term":[{"taxonomy":"category","embeddable":true,"href":"https:\/\/observatorios.uo.edu.cu\/ceciencias\/wp-json\/wp\/v2\/categories?post=3837"},{"taxonomy":"post_tag","embeddable":true,"href":"https:\/\/observatorios.uo.edu.cu\/ceciencias\/wp-json\/wp\/v2\/tags?post=3837"}],"curies":[{"name":"wp","href":"https:\/\/api.w.org\/{rel}","templated":true}]}}