{"id":4539,"date":"2024-03-01T02:19:12","date_gmt":"2024-03-01T02:19:12","guid":{"rendered":"https:\/\/observatorios.uo.edu.cu\/ceciencias\/?p=4539"},"modified":"2024-03-01T02:56:03","modified_gmt":"2024-03-01T02:56:03","slug":"conferencia-especializada-aproximaciones-y-distanciamientos-entre-lev-s-vigotsky-y-f-gonzalez-rey-la-teoria-de-la-subjetividad","status":"publish","type":"post","link":"https:\/\/observatorios.uo.edu.cu\/ceciencias\/2024\/03\/01\/conferencia-especializada-aproximaciones-y-distanciamientos-entre-lev-s-vigotsky-y-f-gonzalez-rey-la-teoria-de-la-subjetividad\/","title":{"rendered":"Conferencia especializada: \u201cAproximaciones y distanciamientos entre Lev. S. Vigotsky y F. Gonz\u00e1lez Rey. La teor\u00eda de la subjetividad\u00bb"},"content":{"rendered":"<p>Dr. C. Daniel Magalhais Goulart de la Universidad de Brasilia.<br \/>\nConferencia coordinada por el Programa de Doctorado en Ciencias de la Educaci\u00f3n.<br \/>\n<img fetchpriority=\"high\" decoding=\"async\" class=\"alignnone size-full wp-image-4540\" src=\"http:\/\/observatorios.uo.edu.cu\/ceciencias\/wp-content\/uploads\/sites\/2\/2024\/03\/foto-01-scaled.jpg\" alt=\"\" width=\"2560\" height=\"1440\" srcset=\"https:\/\/observatorios.uo.edu.cu\/ceciencias\/wp-content\/uploads\/sites\/2\/2024\/03\/foto-01-scaled.jpg 2560w, https:\/\/observatorios.uo.edu.cu\/ceciencias\/wp-content\/uploads\/sites\/2\/2024\/03\/foto-01-300x169.jpg 300w, https:\/\/observatorios.uo.edu.cu\/ceciencias\/wp-content\/uploads\/sites\/2\/2024\/03\/foto-01-1024x576.jpg 1024w, https:\/\/observatorios.uo.edu.cu\/ceciencias\/wp-content\/uploads\/sites\/2\/2024\/03\/foto-01-768x432.jpg 768w, https:\/\/observatorios.uo.edu.cu\/ceciencias\/wp-content\/uploads\/sites\/2\/2024\/03\/foto-01-1536x864.jpg 1536w, https:\/\/observatorios.uo.edu.cu\/ceciencias\/wp-content\/uploads\/sites\/2\/2024\/03\/foto-01-2048x1152.jpg 2048w\" sizes=\"(max-width: 2560px) 100vw, 2560px\" \/><br \/>\n<img decoding=\"async\" class=\"alignnone size-full wp-image-4541\" src=\"http:\/\/observatorios.uo.edu.cu\/ceciencias\/wp-content\/uploads\/sites\/2\/2024\/03\/foto-02-scaled.jpg\" alt=\"\" width=\"2560\" height=\"1440\" srcset=\"https:\/\/observatorios.uo.edu.cu\/ceciencias\/wp-content\/uploads\/sites\/2\/2024\/03\/foto-02-scaled.jpg 2560w, https:\/\/observatorios.uo.edu.cu\/ceciencias\/wp-content\/uploads\/sites\/2\/2024\/03\/foto-02-300x169.jpg 300w, https:\/\/observatorios.uo.edu.cu\/ceciencias\/wp-content\/uploads\/sites\/2\/2024\/03\/foto-02-1024x576.jpg 1024w, https:\/\/observatorios.uo.edu.cu\/ceciencias\/wp-content\/uploads\/sites\/2\/2024\/03\/foto-02-768x432.jpg 768w, https:\/\/observatorios.uo.edu.cu\/ceciencias\/wp-content\/uploads\/sites\/2\/2024\/03\/foto-02-1536x864.jpg 1536w, https:\/\/observatorios.uo.edu.cu\/ceciencias\/wp-content\/uploads\/sites\/2\/2024\/03\/foto-02-2048x1152.jpg 2048w\" sizes=\"(max-width: 2560px) 100vw, 2560px\" \/><\/p>\n<p><strong>Materiales relacionados:<br \/><\/strong>&#8211; <a href=\"https:\/\/observatorios.uo.edu.cu\/ceciencias\/wp-content\/uploads\/sites\/2\/2024\/03\/The_trajectory_and_work_of_Fernando_Gonz_lez_Rey_paths_to_his_Theory_of_Subjectivity_Trayectoria_y_obra_de_Fernando_Gonz_lez_Rey_caminos_hacia_su.pdf\" target=\"_blank\" rel=\"noopener\">The trajectory and work of Fernando Gonz\u00e1lez Rey: paths to his Theory of Subjectivity<\/a><br \/>(Trayectoria y obra de Fernando Gonz\u00e1lez Rey: caminos hacia su Teor\u00eda de la Subjetividad)<br \/>&#8211; <a href=\"https:\/\/observatorios.uo.edu.cu\/ceciencias\/wp-content\/uploads\/sites\/2\/2024\/03\/El-desarrollo-de-la-subjetividad.pdf\" target=\"_blank\" rel=\"noopener\">Presentaci\u00f3n del art\u00edculo \u201cEl desarrollo de la subjetividad: una alternativa frente a las teor\u00edas del desarrollo ps\u00edquico\u201d<\/a><\/p>\n","protected":false},"excerpt":{"rendered":"<p>Dr. C. Daniel Magalhais Goulart de la Universidad de Brasilia. Conferencia coordinada por el Programa de Doctorado en Ciencias de la Educaci\u00f3n. Materiales relacionados:&#8211; The trajectory and work of Fernando Gonz\u00e1lez Rey: paths to his Theory of Subjectivity(Trayectoria y obra de Fernando Gonz\u00e1lez Rey: caminos hacia su Teor\u00eda de la Subjetividad)&#8211; Presentaci\u00f3n del art\u00edculo \u201cEl &#8230; <a title=\"Conferencia especializada: \u201cAproximaciones y distanciamientos entre Lev. S. Vigotsky y F. Gonz\u00e1lez Rey. La teor\u00eda de la subjetividad\u00bb\" class=\"read-more\" href=\"https:\/\/observatorios.uo.edu.cu\/ceciencias\/2024\/03\/01\/conferencia-especializada-aproximaciones-y-distanciamientos-entre-lev-s-vigotsky-y-f-gonzalez-rey-la-teoria-de-la-subjetividad\/\" aria-label=\"Leer m\u00e1s sobre Conferencia especializada: \u201cAproximaciones y distanciamientos entre Lev. S. Vigotsky y F. Gonz\u00e1lez Rey. La teor\u00eda de la subjetividad\u00bb\">Leer m\u00e1s<\/a><\/p>\n","protected":false},"author":32,"featured_media":0,"comment_status":"open","ping_status":"open","sticky":false,"template":"","format":"standard","meta":{"_bbp_topic_count":0,"_bbp_reply_count":0,"_bbp_total_topic_count":0,"_bbp_total_reply_count":0,"_bbp_voice_count":0,"_bbp_anonymous_reply_count":0,"_bbp_topic_count_hidden":0,"_bbp_reply_count_hidden":0,"_bbp_forum_subforum_count":0,"footnotes":""},"categories":[1],"tags":[],"class_list":["post-4539","post","type-post","status-publish","format-standard","hentry","category-sin-categoria"],"rttpg_featured_image_url":null,"rttpg_author":{"display_name":"Jos\u00e9 Manuel Izquierdo Lao","author_link":"https:\/\/observatorios.uo.edu.cu\/ceciencias\/author\/jmil\/"},"rttpg_comment":6,"rttpg_category":"<a href=\"https:\/\/observatorios.uo.edu.cu\/ceciencias\/category\/sin-categoria\/\" rel=\"category tag\">CECiencias<\/a>","rttpg_excerpt":"Dr. C. Daniel Magalhais Goulart de la Universidad de Brasilia. Conferencia coordinada por el Programa de Doctorado en Ciencias de la Educaci\u00f3n. Materiales relacionados:&#8211; The trajectory and work of Fernando Gonz\u00e1lez Rey: paths to his Theory of Subjectivity(Trayectoria y obra de Fernando Gonz\u00e1lez Rey: caminos hacia su Teor\u00eda de la Subjetividad)&#8211; Presentaci\u00f3n del art\u00edculo \u201cEl&hellip;","_links":{"self":[{"href":"https:\/\/observatorios.uo.edu.cu\/ceciencias\/wp-json\/wp\/v2\/posts\/4539","targetHints":{"allow":["GET"]}}],"collection":[{"href":"https:\/\/observatorios.uo.edu.cu\/ceciencias\/wp-json\/wp\/v2\/posts"}],"about":[{"href":"https:\/\/observatorios.uo.edu.cu\/ceciencias\/wp-json\/wp\/v2\/types\/post"}],"author":[{"embeddable":true,"href":"https:\/\/observatorios.uo.edu.cu\/ceciencias\/wp-json\/wp\/v2\/users\/32"}],"replies":[{"embeddable":true,"href":"https:\/\/observatorios.uo.edu.cu\/ceciencias\/wp-json\/wp\/v2\/comments?post=4539"}],"version-history":[{"count":2,"href":"https:\/\/observatorios.uo.edu.cu\/ceciencias\/wp-json\/wp\/v2\/posts\/4539\/revisions"}],"predecessor-version":[{"id":4546,"href":"https:\/\/observatorios.uo.edu.cu\/ceciencias\/wp-json\/wp\/v2\/posts\/4539\/revisions\/4546"}],"wp:attachment":[{"href":"https:\/\/observatorios.uo.edu.cu\/ceciencias\/wp-json\/wp\/v2\/media?parent=4539"}],"wp:term":[{"taxonomy":"category","embeddable":true,"href":"https:\/\/observatorios.uo.edu.cu\/ceciencias\/wp-json\/wp\/v2\/categories?post=4539"},{"taxonomy":"post_tag","embeddable":true,"href":"https:\/\/observatorios.uo.edu.cu\/ceciencias\/wp-json\/wp\/v2\/tags?post=4539"}],"curies":[{"name":"wp","href":"https:\/\/api.w.org\/{rel}","templated":true}]}}