{"id":4800,"date":"2024-04-03T16:08:56","date_gmt":"2024-04-03T16:08:56","guid":{"rendered":"https:\/\/observatorios.uo.edu.cu\/ceciencias\/?p=4800"},"modified":"2024-10-08T08:33:12","modified_gmt":"2024-10-08T08:33:12","slug":"curso-gestion-cientifica-en-los-ipvce-desde-el-observatorio-ceciencias","status":"publish","type":"post","link":"https:\/\/observatorios.uo.edu.cu\/ceciencias\/2024\/04\/03\/curso-gestion-cientifica-en-los-ipvce-desde-el-observatorio-ceciencias\/","title":{"rendered":"Curso: Gesti\u00f3n cient\u00edfica en los IPVCE desde el Observatorio CECiencias"},"content":{"rendered":"<p><strong>Temas<\/strong>:<br \/><strong>&#8211;<\/strong> El Observatorio CECiencias, descripci\u00f3n General, registro de usuarios, creaci\u00f3n de perfiles de usuario.<br \/><strong>&#8211;<\/strong> El empleo del Observatorio para la obtenci\u00f3n de datos y la realizaci\u00f3n de diagn\u00f3sticos.<br \/><strong><img decoding=\"async\" class=\"alignnone  wp-image-4850\" src=\"http:\/\/observatorios.uo.edu.cu\/ceciencias\/wp-content\/uploads\/sites\/2\/2024\/04\/Izquierdo.jpg\" alt=\"\" width=\"102\" height=\"104\" srcset=\"https:\/\/observatorios.uo.edu.cu\/ceciencias\/wp-content\/uploads\/sites\/2\/2024\/04\/Izquierdo.jpg 501w, https:\/\/observatorios.uo.edu.cu\/ceciencias\/wp-content\/uploads\/sites\/2\/2024\/04\/Izquierdo-294x300.jpg 294w\" sizes=\"(max-width: 102px) 100vw, 102px\" \/><br \/>Profesor<\/strong>: Dr. C. Jos\u00e9 Manuel Izquierdo Lao.<br \/>Correo electr\u00f3nico: jmil@uo.edu.cu<\/p>\n<hr \/>\n<p><strong>&#8211;<\/strong> Trabajo en red de los IPVCE y proyectos desde el Observatorio CECiencias.<br \/><img decoding=\"async\" class=\"alignnone  wp-image-4849\" src=\"http:\/\/observatorios.uo.edu.cu\/ceciencias\/wp-content\/uploads\/sites\/2\/2024\/04\/Carlos.jpg\" alt=\"\" width=\"100\" height=\"97\" srcset=\"https:\/\/observatorios.uo.edu.cu\/ceciencias\/wp-content\/uploads\/sites\/2\/2024\/04\/Carlos.jpg 549w, https:\/\/observatorios.uo.edu.cu\/ceciencias\/wp-content\/uploads\/sites\/2\/2024\/04\/Carlos-300x292.jpg 300w\" sizes=\"(max-width: 100px) 100vw, 100px\" \/><br \/><strong>Profesor<\/strong>: Dr. C. Carlos Manuel Hern\u00e1ndez Hechavarr\u00eda.<br \/>carlosmhh@uo.edu.cu<\/p>\n<hr \/>\n<p>\u2013 La gesti\u00f3n y promoci\u00f3n de las l\u00edneas de investigaci\u00f3n mediante el Observatorio CECiencias.<br \/><img decoding=\"async\" class=\"alignnone  wp-image-4942\" src=\"http:\/\/observatorios.uo.edu.cu\/ceciencias\/wp-content\/uploads\/sites\/2\/2024\/04\/Maria-Elena-1.jpg\" alt=\"\" width=\"101\" height=\"102\" srcset=\"https:\/\/observatorios.uo.edu.cu\/ceciencias\/wp-content\/uploads\/sites\/2\/2024\/04\/Maria-Elena-1.jpg 745w, https:\/\/observatorios.uo.edu.cu\/ceciencias\/wp-content\/uploads\/sites\/2\/2024\/04\/Maria-Elena-1-298x300.jpg 298w, https:\/\/observatorios.uo.edu.cu\/ceciencias\/wp-content\/uploads\/sites\/2\/2024\/04\/Maria-Elena-1-150x150.jpg 150w\" sizes=\"(max-width: 101px) 100vw, 101px\" \/><br \/>Profesora: Dr. C. Mar\u00eda Elena Pardo G\u00f3mez<br \/>mepg@uo.edu.cu<\/p>\n<hr \/>\n<p><strong>&#8211;<\/strong> La gesti\u00f3n y promoci\u00f3n de redes acad\u00e9micas mediante el Observatorio CECiencias.<br \/><img loading=\"lazy\" decoding=\"async\" class=\"alignnone  wp-image-4852\" src=\"http:\/\/observatorios.uo.edu.cu\/ceciencias\/wp-content\/uploads\/sites\/2\/2024\/04\/Susana.jpg\" alt=\"\" width=\"106\" height=\"104\" srcset=\"https:\/\/observatorios.uo.edu.cu\/ceciencias\/wp-content\/uploads\/sites\/2\/2024\/04\/Susana.jpg 551w, https:\/\/observatorios.uo.edu.cu\/ceciencias\/wp-content\/uploads\/sites\/2\/2024\/04\/Susana-300x293.jpg 300w\" sizes=\"(max-width: 106px) 100vw, 106px\" \/><br \/><strong>Profesora<\/strong>: Dr. Cs. Susana Cisneros Garbey<br \/>susanacg@uo.edu.cu<\/p>\n<hr \/>\n<p><strong>&#8211;<\/strong> La gesti\u00f3n y promoci\u00f3n del postgrado Observatorio CECiencias.<br \/><img loading=\"lazy\" decoding=\"async\" class=\"alignnone  wp-image-4878\" src=\"http:\/\/observatorios.uo.edu.cu\/ceciencias\/wp-content\/uploads\/sites\/2\/2024\/04\/Lizette-1.jpg\" alt=\"\" width=\"115\" height=\"112\" srcset=\"https:\/\/observatorios.uo.edu.cu\/ceciencias\/wp-content\/uploads\/sites\/2\/2024\/04\/Lizette-1.jpg 762w, https:\/\/observatorios.uo.edu.cu\/ceciencias\/wp-content\/uploads\/sites\/2\/2024\/04\/Lizette-1-300x292.jpg 300w\" sizes=\"(max-width: 115px) 100vw, 115px\" \/><br \/><strong>Profesora<\/strong>: Dr. C. Lizette de la Concepci\u00f3n P\u00e9rez Mart\u00ednez<br \/>lizette@uo.edu.cu<\/p>\n<hr \/>\n<p>\u2013 El entrenamiento para concursos de los IPVCE mediante el Observatorio CECiencias.<br \/><img loading=\"lazy\" decoding=\"async\" class=\"alignnone  wp-image-4851\" src=\"http:\/\/observatorios.uo.edu.cu\/ceciencias\/wp-content\/uploads\/sites\/2\/2024\/04\/Landrove.jpg\" alt=\"\" width=\"117\" height=\"115\" srcset=\"https:\/\/observatorios.uo.edu.cu\/ceciencias\/wp-content\/uploads\/sites\/2\/2024\/04\/Landrove.jpg 465w, https:\/\/observatorios.uo.edu.cu\/ceciencias\/wp-content\/uploads\/sites\/2\/2024\/04\/Landrove-300x295.jpg 300w\" sizes=\"(max-width: 117px) 100vw, 117px\" \/><br \/><strong>Profesor<\/strong>: M. C. Orestes Eduardo Landrove Ramirez.<br \/>olandroveram@gmail.com<\/p>\n<hr \/>\n<h1 style=\"text-align: center;\"><a href=\"https:\/\/observatorios.uo.edu.cu\/ceciencias\/curso-gestion-cientifica-en-los-ipvce-desde-el-observatorio-ceciencias\/\" target=\"_blank\" rel=\"noopener\"><img loading=\"lazy\" decoding=\"async\" class=\"alignnone  wp-image-4991\" src=\"http:\/\/observatorios.uo.edu.cu\/ceciencias\/wp-content\/uploads\/sites\/2\/2024\/05\/1011407.png\" alt=\"\" width=\"48\" height=\"48\" srcset=\"https:\/\/observatorios.uo.edu.cu\/ceciencias\/wp-content\/uploads\/sites\/2\/2024\/05\/1011407.png 256w, https:\/\/observatorios.uo.edu.cu\/ceciencias\/wp-content\/uploads\/sites\/2\/2024\/05\/1011407-150x150.png 150w\" sizes=\"(max-width: 48px) 100vw, 48px\" \/>Enlaces<\/a><\/h1>\n<hr \/>\n<p><strong><br \/>Evaluaci\u00f3n<\/strong>:<br \/>Los cursistas publicar\u00e1n una propuesta en el Observatorio CECiencias empleando las potencialidades que \u00e9ste ofrece.\u00a0<br \/><a href=\"https:\/\/observatorios.uo.edu.cu\/ceciencias\/evaluacion-del-curso-gestion-cientifica-en-los-ipvce-desde-el-observatorio-ceciencias\/\" target=\"_blank\" rel=\"noopener\">Ver indicaciones en el enlace<\/a><\/p>\n<hr \/>\n<h2><a href=\"https:\/\/izquierdolao.survey.fm\/formulario-de-inscripci%C3%B3n-para-curso-de-posgrado\" target=\"_blank\" rel=\"noopener\"><strong><img loading=\"lazy\" decoding=\"async\" class=\"alignnone  wp-image-5017\" src=\"http:\/\/observatorios.uo.edu.cu\/ceciencias\/wp-content\/uploads\/sites\/2\/2024\/04\/Formulario.png\" alt=\"\" width=\"108\" height=\"108\" srcset=\"https:\/\/observatorios.uo.edu.cu\/ceciencias\/wp-content\/uploads\/sites\/2\/2024\/04\/Formulario.png 512w, https:\/\/observatorios.uo.edu.cu\/ceciencias\/wp-content\/uploads\/sites\/2\/2024\/04\/Formulario-300x300.png 300w, https:\/\/observatorios.uo.edu.cu\/ceciencias\/wp-content\/uploads\/sites\/2\/2024\/04\/Formulario-150x150.png 150w\" sizes=\"(max-width: 108px) 100vw, 108px\" \/>Formulario de matr\u00edcula<\/strong><\/a><\/h2>\n\n\n<hr class=\"wp-block-separator has-alpha-channel-opacity\"\/>\n","protected":false},"excerpt":{"rendered":"<p>Temas:&#8211; El Observatorio CECiencias, descripci\u00f3n General, registro de usuarios, creaci\u00f3n de perfiles de usuario.&#8211; El empleo del Observatorio para la obtenci\u00f3n de datos y la realizaci\u00f3n de diagn\u00f3sticos.Profesor: Dr. C. Jos\u00e9 Manuel Izquierdo Lao.Correo electr\u00f3nico: jmil@uo.edu.cu &#8211; Trabajo en red de los IPVCE y proyectos desde el Observatorio CECiencias.Profesor: Dr. C. Carlos Manuel Hern\u00e1ndez Hechavarr\u00eda.carlosmhh@uo.edu.cu &#8230; <a title=\"Curso: Gesti\u00f3n cient\u00edfica en los IPVCE desde el Observatorio CECiencias\" class=\"read-more\" href=\"https:\/\/observatorios.uo.edu.cu\/ceciencias\/2024\/04\/03\/curso-gestion-cientifica-en-los-ipvce-desde-el-observatorio-ceciencias\/\" aria-label=\"Leer m\u00e1s sobre Curso: Gesti\u00f3n cient\u00edfica en los IPVCE desde el Observatorio CECiencias\">Leer m\u00e1s<\/a><\/p>\n","protected":false},"author":32,"featured_media":0,"comment_status":"open","ping_status":"open","sticky":false,"template":"","format":"standard","meta":{"_bbp_topic_count":0,"_bbp_reply_count":0,"_bbp_total_topic_count":0,"_bbp_total_reply_count":0,"_bbp_voice_count":0,"_bbp_anonymous_reply_count":0,"_bbp_topic_count_hidden":0,"_bbp_reply_count_hidden":0,"_bbp_forum_subforum_count":0,"footnotes":""},"categories":[1],"tags":[],"class_list":["post-4800","post","type-post","status-publish","format-standard","hentry","category-sin-categoria"],"rttpg_featured_image_url":null,"rttpg_author":{"display_name":"Jos\u00e9 Manuel Izquierdo Lao","author_link":"https:\/\/observatorios.uo.edu.cu\/ceciencias\/author\/jmil\/"},"rttpg_comment":16,"rttpg_category":"<a href=\"https:\/\/observatorios.uo.edu.cu\/ceciencias\/category\/sin-categoria\/\" rel=\"category tag\">CECiencias<\/a>","rttpg_excerpt":"Temas:&#8211; El Observatorio CECiencias, descripci\u00f3n General, registro de usuarios, creaci\u00f3n de perfiles de usuario.&#8211; El empleo del Observatorio para la obtenci\u00f3n de datos y la realizaci\u00f3n de diagn\u00f3sticos.Profesor: Dr. C. Jos\u00e9 Manuel Izquierdo Lao.Correo electr\u00f3nico: jmil@uo.edu.cu &#8211; Trabajo en red de los IPVCE y proyectos desde el Observatorio CECiencias.Profesor: Dr. C. Carlos Manuel Hern\u00e1ndez Hechavarr\u00eda.carlosmhh@uo.edu.cu&hellip;","_links":{"self":[{"href":"https:\/\/observatorios.uo.edu.cu\/ceciencias\/wp-json\/wp\/v2\/posts\/4800","targetHints":{"allow":["GET"]}}],"collection":[{"href":"https:\/\/observatorios.uo.edu.cu\/ceciencias\/wp-json\/wp\/v2\/posts"}],"about":[{"href":"https:\/\/observatorios.uo.edu.cu\/ceciencias\/wp-json\/wp\/v2\/types\/post"}],"author":[{"embeddable":true,"href":"https:\/\/observatorios.uo.edu.cu\/ceciencias\/wp-json\/wp\/v2\/users\/32"}],"replies":[{"embeddable":true,"href":"https:\/\/observatorios.uo.edu.cu\/ceciencias\/wp-json\/wp\/v2\/comments?post=4800"}],"version-history":[{"count":35,"href":"https:\/\/observatorios.uo.edu.cu\/ceciencias\/wp-json\/wp\/v2\/posts\/4800\/revisions"}],"predecessor-version":[{"id":5204,"href":"https:\/\/observatorios.uo.edu.cu\/ceciencias\/wp-json\/wp\/v2\/posts\/4800\/revisions\/5204"}],"wp:attachment":[{"href":"https:\/\/observatorios.uo.edu.cu\/ceciencias\/wp-json\/wp\/v2\/media?parent=4800"}],"wp:term":[{"taxonomy":"category","embeddable":true,"href":"https:\/\/observatorios.uo.edu.cu\/ceciencias\/wp-json\/wp\/v2\/categories?post=4800"},{"taxonomy":"post_tag","embeddable":true,"href":"https:\/\/observatorios.uo.edu.cu\/ceciencias\/wp-json\/wp\/v2\/tags?post=4800"}],"curies":[{"name":"wp","href":"https:\/\/api.w.org\/{rel}","templated":true}]}}