{"id":4875,"date":"2024-04-12T00:02:59","date_gmt":"2024-04-12T00:02:59","guid":{"rendered":"https:\/\/observatorios.uo.edu.cu\/ceciencias\/?p=4875"},"modified":"2024-04-12T18:47:53","modified_gmt":"2024-04-12T18:47:53","slug":"postdoctorado-gestion-de-ciencia-y-formacion-de-investigadores","status":"publish","type":"post","link":"https:\/\/observatorios.uo.edu.cu\/ceciencias\/2024\/04\/12\/postdoctorado-gestion-de-ciencia-y-formacion-de-investigadores\/","title":{"rendered":"Postdoctorado Gesti\u00f3n de Ciencia y Formaci\u00f3n de Investigadores"},"content":{"rendered":"\n<p><\/p>\n\n\n<h5><strong>Coordinadora<\/strong>: Dr.C. Lizette P\u00e9rez Mart\u00ednez<\/h5>\n<hr \/>\n<p><img decoding=\"async\" class=\"alignnone  wp-image-4878\" src=\"http:\/\/observatorios.uo.edu.cu\/ceciencias\/wp-content\/uploads\/sites\/2\/2024\/04\/Lizette-1.jpg\" alt=\"\" width=\"146\" height=\"142\" srcset=\"https:\/\/observatorios.uo.edu.cu\/ceciencias\/wp-content\/uploads\/sites\/2\/2024\/04\/Lizette-1.jpg 762w, https:\/\/observatorios.uo.edu.cu\/ceciencias\/wp-content\/uploads\/sites\/2\/2024\/04\/Lizette-1-300x292.jpg 300w\" sizes=\"(max-width: 146px) 100vw, 146px\" \/><br \/>Dr.C. Lizette P\u00e9rez Mart\u00ednez<br \/><strong>Tema Introductorio.<\/strong> Fundamentos de la investigaci\u00f3n cient\u00edfica de avanzada. Paradigmas de la ciencia y la investigaci\u00f3n cient\u00edfica.<\/p>\n<hr \/>\n<p><img decoding=\"async\" class=\"alignnone  wp-image-4882\" src=\"http:\/\/observatorios.uo.edu.cu\/ceciencias\/wp-content\/uploads\/sites\/2\/2024\/04\/Librada.jpg\" alt=\"\" width=\"147\" height=\"140\" srcset=\"https:\/\/observatorios.uo.edu.cu\/ceciencias\/wp-content\/uploads\/sites\/2\/2024\/04\/Librada.jpg 398w, https:\/\/observatorios.uo.edu.cu\/ceciencias\/wp-content\/uploads\/sites\/2\/2024\/04\/Librada-300x286.jpg 300w\" sizes=\"(max-width: 147px) 100vw, 147px\" \/><br \/>Dr.C. Librada Garc\u00eda Leyva<br \/><img decoding=\"async\" class=\"alignnone  wp-image-4887\" src=\"http:\/\/observatorios.uo.edu.cu\/ceciencias\/wp-content\/uploads\/sites\/2\/2024\/04\/Blanca.jpg\" alt=\"\" width=\"155\" height=\"147\" srcset=\"https:\/\/observatorios.uo.edu.cu\/ceciencias\/wp-content\/uploads\/sites\/2\/2024\/04\/Blanca.jpg 629w, https:\/\/observatorios.uo.edu.cu\/ceciencias\/wp-content\/uploads\/sites\/2\/2024\/04\/Blanca-300x285.jpg 300w\" sizes=\"(max-width: 155px) 100vw, 155px\" \/><br \/>Dr.C. Blanca Corton<br \/><strong>Tema I.<\/strong> : Relaci\u00f3n cultura cient\u00edfica, pertinencia y novedad en el proceso investigativo.<\/p>\n<hr \/>\n<p><img loading=\"lazy\" decoding=\"async\" class=\"alignnone  wp-image-4891\" src=\"http:\/\/observatorios.uo.edu.cu\/ceciencias\/wp-content\/uploads\/sites\/2\/2024\/04\/Susana-1.jpg\" alt=\"\" width=\"148\" height=\"150\" srcset=\"https:\/\/observatorios.uo.edu.cu\/ceciencias\/wp-content\/uploads\/sites\/2\/2024\/04\/Susana-1.jpg 751w, https:\/\/observatorios.uo.edu.cu\/ceciencias\/wp-content\/uploads\/sites\/2\/2024\/04\/Susana-1-297x300.jpg 297w\" sizes=\"(max-width: 148px) 100vw, 148px\" \/><br \/>Dr.Cs. Susana Cisneros Garbey<br \/><strong>Tema II:<\/strong> Din\u00e1mica comunicativa en las investigaciones. Matrices epist\u00e9micas.<\/p>\n<hr \/>\n<p><img loading=\"lazy\" decoding=\"async\" class=\"alignnone  wp-image-4892\" src=\"http:\/\/observatorios.uo.edu.cu\/ceciencias\/wp-content\/uploads\/sites\/2\/2024\/04\/Yaritza.jpg\" alt=\"\" width=\"153\" height=\"163\" srcset=\"https:\/\/observatorios.uo.edu.cu\/ceciencias\/wp-content\/uploads\/sites\/2\/2024\/04\/Yaritza.jpg 290w, https:\/\/observatorios.uo.edu.cu\/ceciencias\/wp-content\/uploads\/sites\/2\/2024\/04\/Yaritza-282x300.jpg 282w\" sizes=\"(max-width: 153px) 100vw, 153px\" \/><br \/>Dr.C. Yaritza Tardo Fern\u00e1ndez<br \/><strong>Tema III<\/strong>: Epistemolog\u00eda e investigaci\u00f3n cient\u00edfica desde una l\u00f3gica hermen\u00e9utico dial\u00e9ctica.<\/p>\n<hr \/>\n<p><img loading=\"lazy\" decoding=\"async\" class=\"alignnone  wp-image-4894\" src=\"http:\/\/observatorios.uo.edu.cu\/ceciencias\/wp-content\/uploads\/sites\/2\/2024\/04\/Dania.jpg\" alt=\"\" width=\"155\" height=\"153\" srcset=\"https:\/\/observatorios.uo.edu.cu\/ceciencias\/wp-content\/uploads\/sites\/2\/2024\/04\/Dania.jpg 751w, https:\/\/observatorios.uo.edu.cu\/ceciencias\/wp-content\/uploads\/sites\/2\/2024\/04\/Dania-300x296.jpg 300w\" sizes=\"(max-width: 155px) 100vw, 155px\" \/><br \/>Dr.C. Dania del Toro \u00c1lvarez<br \/><strong>Tema IV<\/strong>: Plataforma cient\u00edfica para las investigaciones. Concepci\u00f3n de proyectos. Gesti\u00f3n de la Innovaci\u00f3n.<\/p>\n<hr \/>\n<p><img loading=\"lazy\" decoding=\"async\" class=\"alignnone  wp-image-4878\" src=\"http:\/\/observatorios.uo.edu.cu\/ceciencias\/wp-content\/uploads\/sites\/2\/2024\/04\/Lizette-1.jpg\" alt=\"\" width=\"152\" height=\"148\" srcset=\"https:\/\/observatorios.uo.edu.cu\/ceciencias\/wp-content\/uploads\/sites\/2\/2024\/04\/Lizette-1.jpg 762w, https:\/\/observatorios.uo.edu.cu\/ceciencias\/wp-content\/uploads\/sites\/2\/2024\/04\/Lizette-1-300x292.jpg 300w\" sizes=\"(max-width: 152px) 100vw, 152px\" \/><br \/>Dr.C. Lizette P\u00e9rez Mart\u00ednez<br \/><strong>Tema V<\/strong>: La modelaci\u00f3n en el proceso del constructo te\u00f3rico del aporte de la investigaci\u00f3n.<\/p>\n<hr \/>\n<p><img loading=\"lazy\" decoding=\"async\" class=\"alignnone  wp-image-4899\" src=\"http:\/\/observatorios.uo.edu.cu\/ceciencias\/wp-content\/uploads\/sites\/2\/2024\/04\/Martha.jpg\" alt=\"\" width=\"157\" height=\"182\" \/><br \/>Dr. C. Martha Vinent Mendo<br \/><img loading=\"lazy\" decoding=\"async\" class=\"alignnone  wp-image-4901\" src=\"http:\/\/observatorios.uo.edu.cu\/ceciencias\/wp-content\/uploads\/sites\/2\/2024\/04\/Irela.jpg\" alt=\"\" width=\"159\" height=\"190\" srcset=\"https:\/\/observatorios.uo.edu.cu\/ceciencias\/wp-content\/uploads\/sites\/2\/2024\/04\/Irela.jpg 427w, https:\/\/observatorios.uo.edu.cu\/ceciencias\/wp-content\/uploads\/sites\/2\/2024\/04\/Irela-251x300.jpg 251w\" sizes=\"(max-width: 159px) 100vw, 159px\" \/><br \/>Dr. C. Irela Paz Dom\u00ednguez<br \/><strong>TEMA VI<\/strong>: Bases epistemol\u00f3gicas psicoeducativas en las investigaciones educativas.<\/p>\n<hr \/>\n<p><img loading=\"lazy\" decoding=\"async\" class=\"alignnone  wp-image-4903\" src=\"http:\/\/observatorios.uo.edu.cu\/ceciencias\/wp-content\/uploads\/sites\/2\/2024\/04\/Maria-Elena.jpg\" alt=\"\" width=\"167\" height=\"168\" srcset=\"https:\/\/observatorios.uo.edu.cu\/ceciencias\/wp-content\/uploads\/sites\/2\/2024\/04\/Maria-Elena.jpg 745w, https:\/\/observatorios.uo.edu.cu\/ceciencias\/wp-content\/uploads\/sites\/2\/2024\/04\/Maria-Elena-298x300.jpg 298w, https:\/\/observatorios.uo.edu.cu\/ceciencias\/wp-content\/uploads\/sites\/2\/2024\/04\/Maria-Elena-150x150.jpg 150w\" sizes=\"(max-width: 167px) 100vw, 167px\" \/><br \/>Dr.C. Mar\u00eda Elena Pardo G\u00f3mez<br \/><img loading=\"lazy\" decoding=\"async\" class=\"alignnone  wp-image-4905\" src=\"http:\/\/observatorios.uo.edu.cu\/ceciencias\/wp-content\/uploads\/sites\/2\/2024\/04\/Belkis.jpg\" alt=\"\" width=\"170\" height=\"167\" srcset=\"https:\/\/observatorios.uo.edu.cu\/ceciencias\/wp-content\/uploads\/sites\/2\/2024\/04\/Belkis.jpg 620w, https:\/\/observatorios.uo.edu.cu\/ceciencias\/wp-content\/uploads\/sites\/2\/2024\/04\/Belkis-300x295.jpg 300w\" sizes=\"(max-width: 170px) 100vw, 170px\" \/><br \/>Dr.C. Belkis Aranda Cintra<br \/><strong>Tema VII<\/strong>: Instrumentos metodol\u00f3gicos en investigaciones educativas<\/p>\n<hr \/>\n<p><img loading=\"lazy\" decoding=\"async\" class=\"alignnone  wp-image-4907\" src=\"http:\/\/observatorios.uo.edu.cu\/ceciencias\/wp-content\/uploads\/sites\/2\/2024\/04\/Carlos-1.jpg\" alt=\"\" width=\"175\" height=\"169\" srcset=\"https:\/\/observatorios.uo.edu.cu\/ceciencias\/wp-content\/uploads\/sites\/2\/2024\/04\/Carlos-1.jpg 763w, https:\/\/observatorios.uo.edu.cu\/ceciencias\/wp-content\/uploads\/sites\/2\/2024\/04\/Carlos-1-300x291.jpg 300w\" sizes=\"(max-width: 175px) 100vw, 175px\" \/><br \/>Dr. C. Carlos Hern\u00e1ndez Hechavarr\u00eda<br \/><strong>Tema VIII<\/strong>: Validaci\u00f3n de resultados . Estad\u00edstica descriptiva en investigaciones<\/p>\n<hr \/>\n<h5><a href=\"https:\/\/eva.uo.edu.cu\/course\/index.php?categoryid=2247\" target=\"_blank\" rel=\"noopener\">Enlace al postdoctorado en el Aula Virtual<\/a>:<br \/><a href=\"https:\/\/eva.uo.edu.cu\/course\/index.php?categoryid=2247\" target=\"_blank\" rel=\"noopener\"><img loading=\"lazy\" decoding=\"async\" class=\"alignnone size-full wp-image-4911\" src=\"http:\/\/observatorios.uo.edu.cu\/ceciencias\/wp-content\/uploads\/sites\/2\/2024\/04\/En-el-eva.jpg\" alt=\"\" width=\"1039\" height=\"242\" srcset=\"https:\/\/observatorios.uo.edu.cu\/ceciencias\/wp-content\/uploads\/sites\/2\/2024\/04\/En-el-eva.jpg 1039w, https:\/\/observatorios.uo.edu.cu\/ceciencias\/wp-content\/uploads\/sites\/2\/2024\/04\/En-el-eva-300x70.jpg 300w, https:\/\/observatorios.uo.edu.cu\/ceciencias\/wp-content\/uploads\/sites\/2\/2024\/04\/En-el-eva-1024x239.jpg 1024w, https:\/\/observatorios.uo.edu.cu\/ceciencias\/wp-content\/uploads\/sites\/2\/2024\/04\/En-el-eva-768x179.jpg 768w\" sizes=\"(max-width: 1039px) 100vw, 1039px\" \/><\/a><\/h5>\n<hr \/>\n<h5><a href=\"https:\/\/eva.uo.edu.cu\/mod\/bigbluebuttonbn\/view.php?id=125386\" target=\"_blank\" rel=\"noopener\">Enlace a la sala de teleconferencias<\/a><br \/><a href=\"https:\/\/eva.uo.edu.cu\/mod\/bigbluebuttonbn\/view.php?id=125386\" target=\"_blank\" rel=\"noopener\"><img loading=\"lazy\" decoding=\"async\" class=\"alignnone size-full wp-image-4913\" src=\"http:\/\/observatorios.uo.edu.cu\/ceciencias\/wp-content\/uploads\/sites\/2\/2024\/04\/Sala-de-teleconferencias.jpg\" alt=\"\" width=\"588\" height=\"96\" srcset=\"https:\/\/observatorios.uo.edu.cu\/ceciencias\/wp-content\/uploads\/sites\/2\/2024\/04\/Sala-de-teleconferencias.jpg 588w, https:\/\/observatorios.uo.edu.cu\/ceciencias\/wp-content\/uploads\/sites\/2\/2024\/04\/Sala-de-teleconferencias-300x49.jpg 300w\" sizes=\"(max-width: 588px) 100vw, 588px\" \/><\/a><\/h5>\n<hr \/><hr \/>","protected":false},"excerpt":{"rendered":"<p>Coordinadora: Dr.C. Lizette P\u00e9rez Mart\u00ednez Dr.C. Lizette P\u00e9rez Mart\u00ednezTema Introductorio. Fundamentos de la investigaci\u00f3n cient\u00edfica de avanzada. Paradigmas de la ciencia y la investigaci\u00f3n cient\u00edfica. Dr.C. Librada Garc\u00eda LeyvaDr.C. Blanca CortonTema I. : Relaci\u00f3n cultura cient\u00edfica, pertinencia y novedad en el proceso investigativo. Dr.Cs. Susana Cisneros GarbeyTema II: Din\u00e1mica comunicativa en las investigaciones. Matrices epist\u00e9micas. &#8230; <a title=\"Postdoctorado Gesti\u00f3n de Ciencia y Formaci\u00f3n de Investigadores\" class=\"read-more\" href=\"https:\/\/observatorios.uo.edu.cu\/ceciencias\/2024\/04\/12\/postdoctorado-gestion-de-ciencia-y-formacion-de-investigadores\/\" aria-label=\"Leer m\u00e1s sobre Postdoctorado Gesti\u00f3n de Ciencia y Formaci\u00f3n de Investigadores\">Leer m\u00e1s<\/a><\/p>\n","protected":false},"author":32,"featured_media":0,"comment_status":"open","ping_status":"open","sticky":false,"template":"","format":"standard","meta":{"_bbp_topic_count":0,"_bbp_reply_count":0,"_bbp_total_topic_count":0,"_bbp_total_reply_count":0,"_bbp_voice_count":0,"_bbp_anonymous_reply_count":0,"_bbp_topic_count_hidden":0,"_bbp_reply_count_hidden":0,"_bbp_forum_subforum_count":0,"footnotes":""},"categories":[1],"tags":[],"class_list":["post-4875","post","type-post","status-publish","format-standard","hentry","category-sin-categoria"],"rttpg_featured_image_url":null,"rttpg_author":{"display_name":"Jos\u00e9 Manuel Izquierdo Lao","author_link":"https:\/\/observatorios.uo.edu.cu\/ceciencias\/author\/jmil\/"},"rttpg_comment":0,"rttpg_category":"<a href=\"https:\/\/observatorios.uo.edu.cu\/ceciencias\/category\/sin-categoria\/\" rel=\"category tag\">CECiencias<\/a>","rttpg_excerpt":"Coordinadora: Dr.C. Lizette P\u00e9rez Mart\u00ednez Dr.C. Lizette P\u00e9rez Mart\u00ednezTema Introductorio. Fundamentos de la investigaci\u00f3n cient\u00edfica de avanzada. Paradigmas de la ciencia y la investigaci\u00f3n cient\u00edfica. Dr.C. Librada Garc\u00eda LeyvaDr.C. Blanca CortonTema I. : Relaci\u00f3n cultura cient\u00edfica, pertinencia y novedad en el proceso investigativo. Dr.Cs. Susana Cisneros GarbeyTema II: Din\u00e1mica comunicativa en las investigaciones. Matrices epist\u00e9micas.&hellip;","_links":{"self":[{"href":"https:\/\/observatorios.uo.edu.cu\/ceciencias\/wp-json\/wp\/v2\/posts\/4875","targetHints":{"allow":["GET"]}}],"collection":[{"href":"https:\/\/observatorios.uo.edu.cu\/ceciencias\/wp-json\/wp\/v2\/posts"}],"about":[{"href":"https:\/\/observatorios.uo.edu.cu\/ceciencias\/wp-json\/wp\/v2\/types\/post"}],"author":[{"embeddable":true,"href":"https:\/\/observatorios.uo.edu.cu\/ceciencias\/wp-json\/wp\/v2\/users\/32"}],"replies":[{"embeddable":true,"href":"https:\/\/observatorios.uo.edu.cu\/ceciencias\/wp-json\/wp\/v2\/comments?post=4875"}],"version-history":[{"count":20,"href":"https:\/\/observatorios.uo.edu.cu\/ceciencias\/wp-json\/wp\/v2\/posts\/4875\/revisions"}],"predecessor-version":[{"id":4924,"href":"https:\/\/observatorios.uo.edu.cu\/ceciencias\/wp-json\/wp\/v2\/posts\/4875\/revisions\/4924"}],"wp:attachment":[{"href":"https:\/\/observatorios.uo.edu.cu\/ceciencias\/wp-json\/wp\/v2\/media?parent=4875"}],"wp:term":[{"taxonomy":"category","embeddable":true,"href":"https:\/\/observatorios.uo.edu.cu\/ceciencias\/wp-json\/wp\/v2\/categories?post=4875"},{"taxonomy":"post_tag","embeddable":true,"href":"https:\/\/observatorios.uo.edu.cu\/ceciencias\/wp-json\/wp\/v2\/tags?post=4875"}],"curies":[{"name":"wp","href":"https:\/\/api.w.org\/{rel}","templated":true}]}}