{"id":560,"date":"2024-07-18T19:49:18","date_gmt":"2024-07-18T23:49:18","guid":{"rendered":"https:\/\/observatorios.uo.edu.cu\/desarrollo-local\/?p=560"},"modified":"2024-07-18T20:01:18","modified_gmt":"2024-07-19T00:01:18","slug":"extension-universitaria-mediada-por-tic-en-comunidades-rurales","status":"publish","type":"post","link":"https:\/\/observatorios.uo.edu.cu\/desarrollo-local\/2024\/07\/18\/extension-universitaria-mediada-por-tic-en-comunidades-rurales\/","title":{"rendered":"Extensi\u00f3n universitaria mediada por las TIC en comunidades rurales"},"content":{"rendered":"<h6><img decoding=\"async\" class=\"alignnone  wp-image-561\" src=\"http:\/\/observatorios.uo.edu.cu\/desarrollo-local\/wp-content\/uploads\/sites\/13\/2024\/07\/Barbaro.jpg\" alt=\"\" width=\"74\" height=\"91\" srcset=\"https:\/\/observatorios.uo.edu.cu\/desarrollo-local\/wp-content\/uploads\/sites\/13\/2024\/07\/Barbaro.jpg 457w, https:\/\/observatorios.uo.edu.cu\/desarrollo-local\/wp-content\/uploads\/sites\/13\/2024\/07\/Barbaro-245x300.jpg 245w\" sizes=\"(max-width: 74px) 100vw, 74px\" \/>Profesor: B\u00e1rbaro Emilio Gonz\u00e1lez Carcass\u00e9s<br \/>Este curso aborda el v\u00ednculo entre la extensi\u00f3n universitaria, las Tecnolog\u00edas de la Informaci\u00f3n y las Comunicaciones (TIC) y el desarrollo de comunidades rurales. En la era digital actual, las TIC ofrecen oportunidades sin precedentes para mejorar el alcance y la efectividad de los programas de extensi\u00f3n universitaria, especialmente en \u00e1reas rurales que a menudo enfrentan desaf\u00edos de acceso y recursos.<\/h6>\n\n\n<p><gwmw style=\"display:none;\"><\/gwmw><gwmw style=\"display:none;\"><\/gwmw><\/p>\n\n\n<h3><a href=\"https:\/\/observatorios.uo.edu.cu\/desarrollo-local\/wp-content\/uploads\/sites\/13\/2024\/07\/Curso-Tesis-Barbaro.pdf\" target=\"_blank\" rel=\"noopener\"><em>M\u00e1s &#8230;.<\/em><\/a><\/h3>\n\n\n<p><gwmw style=\"display:none;\"><\/gwmw><gwmw style=\"display:none;\"><\/gwmw><\/p>\n\n\n\n<p><gwmw style=\"display:none;\"><\/gwmw><\/p>\n","protected":false},"excerpt":{"rendered":"<p>Profesor: B\u00e1rbaro Emilio Gonz\u00e1lez Carcass\u00e9sEste curso aborda el v\u00ednculo entre la extensi\u00f3n universitaria, las Tecnolog\u00edas de la Informaci\u00f3n y las Comunicaciones (TIC) y el desarrollo de comunidades rurales. En la era digital actual, las TIC ofrecen oportunidades sin precedentes para mejorar el alcance y la efectividad de los programas de extensi\u00f3n universitaria, especialmente en \u00e1reas [&hellip;]<\/p>\n","protected":false},"author":32,"featured_media":0,"comment_status":"open","ping_status":"open","sticky":false,"template":"","format":"standard","meta":{"site-sidebar-layout":"default","site-content-layout":"","ast-site-content-layout":"default","site-content-style":"default","site-sidebar-style":"default","ast-global-header-display":"","ast-banner-title-visibility":"","ast-main-header-display":"","ast-hfb-above-header-display":"","ast-hfb-below-header-display":"","ast-hfb-mobile-header-display":"","site-post-title":"","ast-breadcrumbs-content":"","ast-featured-img":"","footer-sml-layout":"","ast-disable-related-posts":"","theme-transparent-header-meta":"","adv-header-id-meta":"","stick-header-meta":"","header-above-stick-meta":"","header-main-stick-meta":"","header-below-stick-meta":"","astra-migrate-meta-layouts":"default","ast-page-background-enabled":"default","ast-page-background-meta":{"desktop":{"background-color":"var(--ast-global-color-4)","background-image":"","background-repeat":"repeat","background-position":"center center","background-size":"auto","background-attachment":"scroll","background-type":"","background-media":"","overlay-type":"","overlay-color":"","overlay-opacity":"","overlay-gradient":""},"tablet":{"background-color":"","background-image":"","background-repeat":"repeat","background-position":"center center","background-size":"auto","background-attachment":"scroll","background-type":"","background-media":"","overlay-type":"","overlay-color":"","overlay-opacity":"","overlay-gradient":""},"mobile":{"background-color":"","background-image":"","background-repeat":"repeat","background-position":"center center","background-size":"auto","background-attachment":"scroll","background-type":"","background-media":"","overlay-type":"","overlay-color":"","overlay-opacity":"","overlay-gradient":""}},"ast-content-background-meta":{"desktop":{"background-color":"var(--ast-global-color-5)","background-image":"","background-repeat":"repeat","background-position":"center center","background-size":"auto","background-attachment":"scroll","background-type":"","background-media":"","overlay-type":"","overlay-color":"","overlay-opacity":"","overlay-gradient":""},"tablet":{"background-color":"var(--ast-global-color-5)","background-image":"","background-repeat":"repeat","background-position":"center center","background-size":"auto","background-attachment":"scroll","background-type":"","background-media":"","overlay-type":"","overlay-color":"","overlay-opacity":"","overlay-gradient":""},"mobile":{"background-color":"var(--ast-global-color-5)","background-image":"","background-repeat":"repeat","background-position":"center center","background-size":"auto","background-attachment":"scroll","background-type":"","background-media":"","overlay-type":"","overlay-color":"","overlay-opacity":"","overlay-gradient":""}},"footnotes":""},"categories":[1],"tags":[],"class_list":["post-560","post","type-post","status-publish","format-standard","hentry","category-sin-categoria"],"rttpg_featured_image_url":null,"rttpg_author":{"display_name":"Jos\u00e9 Manuel Izquierdo Lao","author_link":"https:\/\/observatorios.uo.edu.cu\/desarrollo-local\/author\/jmil\/"},"rttpg_comment":0,"rttpg_category":"<a href=\"https:\/\/observatorios.uo.edu.cu\/desarrollo-local\/category\/sin-categoria\/\" rel=\"category tag\">Sin categor\u00eda<\/a>","rttpg_excerpt":"Profesor: B\u00e1rbaro Emilio Gonz\u00e1lez Carcass\u00e9sEste curso aborda el v\u00ednculo entre la extensi\u00f3n universitaria, las Tecnolog\u00edas de la Informaci\u00f3n y las Comunicaciones (TIC) y el desarrollo de comunidades rurales. En la era digital actual, las TIC ofrecen oportunidades sin precedentes para mejorar el alcance y la efectividad de los programas de extensi\u00f3n universitaria, especialmente en \u00e1reas&hellip;","_links":{"self":[{"href":"https:\/\/observatorios.uo.edu.cu\/desarrollo-local\/wp-json\/wp\/v2\/posts\/560","targetHints":{"allow":["GET"]}}],"collection":[{"href":"https:\/\/observatorios.uo.edu.cu\/desarrollo-local\/wp-json\/wp\/v2\/posts"}],"about":[{"href":"https:\/\/observatorios.uo.edu.cu\/desarrollo-local\/wp-json\/wp\/v2\/types\/post"}],"author":[{"embeddable":true,"href":"https:\/\/observatorios.uo.edu.cu\/desarrollo-local\/wp-json\/wp\/v2\/users\/32"}],"replies":[{"embeddable":true,"href":"https:\/\/observatorios.uo.edu.cu\/desarrollo-local\/wp-json\/wp\/v2\/comments?post=560"}],"version-history":[{"count":6,"href":"https:\/\/observatorios.uo.edu.cu\/desarrollo-local\/wp-json\/wp\/v2\/posts\/560\/revisions"}],"predecessor-version":[{"id":570,"href":"https:\/\/observatorios.uo.edu.cu\/desarrollo-local\/wp-json\/wp\/v2\/posts\/560\/revisions\/570"}],"wp:attachment":[{"href":"https:\/\/observatorios.uo.edu.cu\/desarrollo-local\/wp-json\/wp\/v2\/media?parent=560"}],"wp:term":[{"taxonomy":"category","embeddable":true,"href":"https:\/\/observatorios.uo.edu.cu\/desarrollo-local\/wp-json\/wp\/v2\/categories?post=560"},{"taxonomy":"post_tag","embeddable":true,"href":"https:\/\/observatorios.uo.edu.cu\/desarrollo-local\/wp-json\/wp\/v2\/tags?post=560"}],"curies":[{"name":"wp","href":"https:\/\/api.w.org\/{rel}","templated":true}]}}