{"id":604,"date":"2025-02-03T19:47:59","date_gmt":"2025-02-04T00:47:59","guid":{"rendered":"https:\/\/observatorios.uo.edu.cu\/desarrollo-local\/?p=604"},"modified":"2025-02-03T19:51:09","modified_gmt":"2025-02-04T00:51:09","slug":"mesa-de-trabajo-con-el-diputado-a-la-asamblea-nacional-del-poder-popular-por-songo-la-maya-lic-raul-omar-vega","status":"publish","type":"post","link":"https:\/\/observatorios.uo.edu.cu\/desarrollo-local\/2025\/02\/03\/mesa-de-trabajo-con-el-diputado-a-la-asamblea-nacional-del-poder-popular-por-songo-la-maya-lic-raul-omar-vega\/","title":{"rendered":"Mesa de trabajo con el Diputado a la Asamblea Nacional del Poder Popular por Songo La Maya, Lic. Ra\u00fal Omar Vega<gwmw style=\"display:none;\"><\/gwmw>"},"content":{"rendered":"\n<p><\/p>\n\n\n\n<p>El Centro Universitario Municipal de Songo La Maya realiz\u00f3 hoy una excelente mesa de trabajo con el Diputado a la Asamblea Nacional del Poder Popular por Songo La Maya, Lic. Ra\u00fal Omar Vega, delegado por el Consejo Popular Yerba de Guinea, cuadro que tambi\u00e9n ocupa el cargo de Viceintendente que atiende el \u00e1rea econ\u00f3mica; por nuestra instituci\u00f3n estuvo presente el Subdirector Docente, Dr.C Gerardo Ram\u00edrez Tamayo y el Asesor de Extensi\u00f3n Universitaria, el MSc. Guillermo Rivera Jaca. El prop\u00f3sito esencial fue la coordinaci\u00f3n de actividades del grupo cient\u00edfico estudiantil de Yerba Guinea y otros t\u00edpicos del desarrollo integral del territorio.<br><strong>JuntarYVencer.#GenteQueTrabaja.#cumsongolamaya.#GenteQueSuma.#UOCuba.<\/strong><\/p>\n\n\n\n<h1 class=\"wp-block-heading\"><\/h1>\n\n\n\n<figure class=\"wp-block-gallery has-nested-images columns-default is-cropped wp-block-gallery-1 is-layout-flex wp-block-gallery-is-layout-flex\">\n<figure class=\"wp-block-image size-large\"><img fetchpriority=\"high\" decoding=\"async\" width=\"1024\" height=\"768\" data-id=\"610\" src=\"https:\/\/observatorios.uo.edu.cu\/desarrollo-local\/wp-content\/uploads\/sites\/13\/2025\/02\/8941ddf6-9cb4-457e-bd78-dc3f5b7d5023-1024x768.jpg\" alt=\"\" class=\"wp-image-610\" srcset=\"https:\/\/observatorios.uo.edu.cu\/desarrollo-local\/wp-content\/uploads\/sites\/13\/2025\/02\/8941ddf6-9cb4-457e-bd78-dc3f5b7d5023-1024x768.jpg 1024w, https:\/\/observatorios.uo.edu.cu\/desarrollo-local\/wp-content\/uploads\/sites\/13\/2025\/02\/8941ddf6-9cb4-457e-bd78-dc3f5b7d5023-300x225.jpg 300w, https:\/\/observatorios.uo.edu.cu\/desarrollo-local\/wp-content\/uploads\/sites\/13\/2025\/02\/8941ddf6-9cb4-457e-bd78-dc3f5b7d5023-768x576.jpg 768w, https:\/\/observatorios.uo.edu.cu\/desarrollo-local\/wp-content\/uploads\/sites\/13\/2025\/02\/8941ddf6-9cb4-457e-bd78-dc3f5b7d5023.jpg 1040w\" sizes=\"(max-width: 1024px) 100vw, 1024px\" \/><\/figure>\n\n\n\n<figure class=\"wp-block-image size-large\"><img decoding=\"async\" width=\"1024\" height=\"768\" data-id=\"612\" src=\"https:\/\/observatorios.uo.edu.cu\/desarrollo-local\/wp-content\/uploads\/sites\/13\/2025\/02\/e9820f41-80c1-4731-a5a1-8bcc8c1d9433-1024x768.jpg\" alt=\"\" class=\"wp-image-612\" srcset=\"https:\/\/observatorios.uo.edu.cu\/desarrollo-local\/wp-content\/uploads\/sites\/13\/2025\/02\/e9820f41-80c1-4731-a5a1-8bcc8c1d9433-1024x768.jpg 1024w, https:\/\/observatorios.uo.edu.cu\/desarrollo-local\/wp-content\/uploads\/sites\/13\/2025\/02\/e9820f41-80c1-4731-a5a1-8bcc8c1d9433-300x225.jpg 300w, https:\/\/observatorios.uo.edu.cu\/desarrollo-local\/wp-content\/uploads\/sites\/13\/2025\/02\/e9820f41-80c1-4731-a5a1-8bcc8c1d9433-768x576.jpg 768w, https:\/\/observatorios.uo.edu.cu\/desarrollo-local\/wp-content\/uploads\/sites\/13\/2025\/02\/e9820f41-80c1-4731-a5a1-8bcc8c1d9433.jpg 1040w\" sizes=\"(max-width: 1024px) 100vw, 1024px\" \/><\/figure>\n<\/figure>\n","protected":false},"excerpt":{"rendered":"<p>El Centro Universitario Municipal de Songo La Maya realiz\u00f3 hoy una excelente mesa de trabajo con el Diputado a la Asamblea Nacional del Poder Popular por Songo La Maya, Lic. Ra\u00fal Omar Vega, delegado por el Consejo Popular Yerba de Guinea, cuadro que tambi\u00e9n ocupa el cargo de Viceintendente que atiende el \u00e1rea econ\u00f3mica; por [&hellip;]<\/p>\n","protected":false},"author":32,"featured_media":0,"comment_status":"open","ping_status":"open","sticky":false,"template":"","format":"standard","meta":{"site-sidebar-layout":"default","site-content-layout":"","ast-site-content-layout":"default","site-content-style":"default","site-sidebar-style":"default","ast-global-header-display":"","ast-banner-title-visibility":"","ast-main-header-display":"","ast-hfb-above-header-display":"","ast-hfb-below-header-display":"","ast-hfb-mobile-header-display":"","site-post-title":"","ast-breadcrumbs-content":"","ast-featured-img":"","footer-sml-layout":"","ast-disable-related-posts":"","theme-transparent-header-meta":"","adv-header-id-meta":"","stick-header-meta":"","header-above-stick-meta":"","header-main-stick-meta":"","header-below-stick-meta":"","astra-migrate-meta-layouts":"default","ast-page-background-enabled":"default","ast-page-background-meta":{"desktop":{"background-color":"var(--ast-global-color-4)","background-image":"","background-repeat":"repeat","background-position":"center center","background-size":"auto","background-attachment":"scroll","background-type":"","background-media":"","overlay-type":"","overlay-color":"","overlay-opacity":"","overlay-gradient":""},"tablet":{"background-color":"","background-image":"","background-repeat":"repeat","background-position":"center center","background-size":"auto","background-attachment":"scroll","background-type":"","background-media":"","overlay-type":"","overlay-color":"","overlay-opacity":"","overlay-gradient":""},"mobile":{"background-color":"","background-image":"","background-repeat":"repeat","background-position":"center center","background-size":"auto","background-attachment":"scroll","background-type":"","background-media":"","overlay-type":"","overlay-color":"","overlay-opacity":"","overlay-gradient":""}},"ast-content-background-meta":{"desktop":{"background-color":"var(--ast-global-color-5)","background-image":"","background-repeat":"repeat","background-position":"center center","background-size":"auto","background-attachment":"scroll","background-type":"","background-media":"","overlay-type":"","overlay-color":"","overlay-opacity":"","overlay-gradient":""},"tablet":{"background-color":"var(--ast-global-color-5)","background-image":"","background-repeat":"repeat","background-position":"center center","background-size":"auto","background-attachment":"scroll","background-type":"","background-media":"","overlay-type":"","overlay-color":"","overlay-opacity":"","overlay-gradient":""},"mobile":{"background-color":"var(--ast-global-color-5)","background-image":"","background-repeat":"repeat","background-position":"center center","background-size":"auto","background-attachment":"scroll","background-type":"","background-media":"","overlay-type":"","overlay-color":"","overlay-opacity":"","overlay-gradient":""}},"footnotes":""},"categories":[1],"tags":[],"class_list":["post-604","post","type-post","status-publish","format-standard","hentry","category-sin-categoria"],"rttpg_featured_image_url":null,"rttpg_author":{"display_name":"Jos\u00e9 Manuel Izquierdo Lao","author_link":"https:\/\/observatorios.uo.edu.cu\/desarrollo-local\/author\/jmil\/"},"rttpg_comment":4,"rttpg_category":"<a href=\"https:\/\/observatorios.uo.edu.cu\/desarrollo-local\/category\/sin-categoria\/\" rel=\"category tag\">Sin categor\u00eda<\/a>","rttpg_excerpt":"El Centro Universitario Municipal de Songo La Maya realiz\u00f3 hoy una excelente mesa de trabajo con el Diputado a la Asamblea Nacional del Poder Popular por Songo La Maya, Lic. Ra\u00fal Omar Vega, delegado por el Consejo Popular Yerba de Guinea, cuadro que tambi\u00e9n ocupa el cargo de Viceintendente que atiende el \u00e1rea econ\u00f3mica; por&hellip;","_links":{"self":[{"href":"https:\/\/observatorios.uo.edu.cu\/desarrollo-local\/wp-json\/wp\/v2\/posts\/604","targetHints":{"allow":["GET"]}}],"collection":[{"href":"https:\/\/observatorios.uo.edu.cu\/desarrollo-local\/wp-json\/wp\/v2\/posts"}],"about":[{"href":"https:\/\/observatorios.uo.edu.cu\/desarrollo-local\/wp-json\/wp\/v2\/types\/post"}],"author":[{"embeddable":true,"href":"https:\/\/observatorios.uo.edu.cu\/desarrollo-local\/wp-json\/wp\/v2\/users\/32"}],"replies":[{"embeddable":true,"href":"https:\/\/observatorios.uo.edu.cu\/desarrollo-local\/wp-json\/wp\/v2\/comments?post=604"}],"version-history":[{"count":4,"href":"https:\/\/observatorios.uo.edu.cu\/desarrollo-local\/wp-json\/wp\/v2\/posts\/604\/revisions"}],"predecessor-version":[{"id":616,"href":"https:\/\/observatorios.uo.edu.cu\/desarrollo-local\/wp-json\/wp\/v2\/posts\/604\/revisions\/616"}],"wp:attachment":[{"href":"https:\/\/observatorios.uo.edu.cu\/desarrollo-local\/wp-json\/wp\/v2\/media?parent=604"}],"wp:term":[{"taxonomy":"category","embeddable":true,"href":"https:\/\/observatorios.uo.edu.cu\/desarrollo-local\/wp-json\/wp\/v2\/categories?post=604"},{"taxonomy":"post_tag","embeddable":true,"href":"https:\/\/observatorios.uo.edu.cu\/desarrollo-local\/wp-json\/wp\/v2\/tags?post=604"}],"curies":[{"name":"wp","href":"https:\/\/api.w.org\/{rel}","templated":true}]}}